{"id":816,"date":"2009-08-22T06:53:20","date_gmt":"2009-08-22T05:53:20","guid":{"rendered":"http:\/\/blogg.kamphavet.se\/?p=816"},"modified":"2010-02-14T15:15:48","modified_gmt":"2010-02-14T14:15:48","slug":"vad-regn-och-aska-kan-stalla-till-med","status":"publish","type":"post","link":"http:\/\/blogg.kamphavet.se\/?p=816","title":{"rendered":"Vad regn och \u00e5ska kan st\u00e4lla till med"},"content":{"rendered":"<p>Mellan den 14 och 19 augusti regnade det 71 mm \u00f6ver L\u00f6vsta; <!--more-->och i dag regnar det igen. Marken kunde v\u00e4l inte ta emot mer vatten, f\u00f6r i m\u00e5ndags lade sig v\u00e5rt b\u00e4sta \u00e4ppeltr\u00e4d, Transparent Blanche, ned. Utan brak eller annan dramatik, det bara v\u00e4lte helt stilla, tyngt av otaliga \u00e4pplen. V\u00e5r optimistiske sv\u00e4rson Urban f\u00f6reslog att vi skulle resa upp det igen och st\u00f6tta det med br\u00e4dor; men Bj\u00f6rn gjorde ett \u00f6verslag i huvudet vad 5000 \u00e4pplen plus ett fullvuxet \u00e4ppeltr\u00e4d kan v\u00e4ga och avr\u00e5dde fr\u00e5n f\u00f6rs\u00f6ket. Nu g\u00e4ller det att plocka s\u00e5 m\u00e5nga \u00e4pplen Ann Britt orkar g\u00f6ra mos av; sedan f\u00e5r vi s\u00e5ga upp det och kanske plantera ett nytt.<\/p>\n<p><a rel=\"attachment wp-att-619\" href=\"http:\/\/blogg.kamphavet.se\/?attachment_id=619\"><img decoding=\"async\" loading=\"lazy\" class=\"alignnone size-full wp-image-619\" title=\"F\u00f6r\u00f6delsens styggelse\" src=\"http:\/\/media.blogg.kamphavet.se\/D5316X-e1266126577712.jpg\" alt=\"F\u00f6r\u00f6delsens styggelse\" width=\"450\" height=\"299\" \/><\/a><\/p>\n<p>H\u00e4r ligger v\u00e5rt b\u00e4sta \u00e4ppeltr\u00e4d.<\/p>\n<p><a rel=\"attachment wp-att-620\" href=\"http:\/\/blogg.kamphavet.se\/?attachment_id=620\"><img decoding=\"async\" loading=\"lazy\" class=\"alignnone size-full wp-image-620\" title=\"R\u00e4dda vad som r\u00e4ddas kan\" src=\"http:\/\/media.blogg.kamphavet.se\/D5318X-e1266126699344.jpg\" alt=\"R\u00e4dda vad som r\u00e4ddas kan\" width=\"450\" height=\"299\" \/><\/a><\/p>\n<p>R\u00e4dda vad som r\u00e4ddas kan &#8211; men det \u00e4r ju bekv\u00e4mt att plocka \u00e4pplen s\u00e5 h\u00e4r i st\u00e4llet f\u00f6r att vingla p\u00e5 en stege!<\/p>\n<p>Som om det inte r\u00e4ckte med denna botaniska olycka sm\u00f6g sig ett ilsket \u00e5skmoln p\u00e5 oss i tisdags och gav sig till k\u00e4nna med en j\u00e4tteknall. Det slog blixtar ur kontakter och kopplingsdosor, hundarna kr\u00f6p in under v\u00e5ra skrivbord, men datorerna verkade klara sig. Trodde vi.<\/p>\n<p>I sj\u00e4lva verket blev v\u00e5rt bredbandsmodem, ADSL-utrustningen i telefonstationen, n\u00e4tverksporten i Ann Britts dator och som det verkar sj\u00e4lva kabeln fr\u00e5n routern till Ann Britts dator stekta.<\/p>\n<p>Vi ringde f\u00f6rst\u00e5s Etanet och fr\u00e5gade om de m\u00e4rkt n\u00e5got, men som vanligt svarade de att allt s\u00e5g normalt och bra ut. &#8221;Kom in med modemet s\u00e5 kan vi testa det \u00e5t Dig&#8221; sade de tj\u00e4nstvilligt. S\u00e5 vi \u00e5kte dit, men v\u00e4l d\u00e4r fick vi veta att \u00e5skan f\u00f6rst\u00f6rt deras testutrustning ocks\u00e5. Vi fick emellertid l\u00e5na ett nytt modem medan de reparerade sin utrustning och testade v\u00e5rt modem.<\/p>\n<p>Hem igen, kopplade in det nya modemet &#8211; men icke! Modemet sade att det hade kontakt med telestationen, men inget internet. Ringde igen och antydde f\u00f6rsiktigt att allt kanske inte var s\u00e5 normalt och bra med deras utrustning.<\/p>\n<p>Ett dygn senare ringde de upp och meddelade att telefonstationen ocks\u00e5 tagit stryk, men nu var det fixat. Kom ut p\u00e5 internet igen, men Ann Britts dator fick inte kontakt med v\u00e5rt interna n\u00e4tverk. Bj\u00f6rn kr\u00f6p runt under skrivborden i timmar, skiftade sladdar, startade om datorer, testade och trasslade, men inget n\u00e4tverk till Ann Britt. Slut p\u00e5 ideer!<\/p>\n<p>R\u00e5dfr\u00e5gade Datacenter i Rimbo, som f\u00f6reslog ett nytt n\u00e4tverkskort. K\u00f6pte ett (ingen j\u00e4tteinvestering, tack och lov), satte in det i Ann Britts dator och testade &#8211; still no go! Till sist bytte vi n\u00e4tverkssladd ocks\u00e5, fast man trodde att en s\u00e5dan knappast skulle vara s\u00e4rskilt k\u00e4nslig f\u00f6r \u00f6versp\u00e4nningar. Men s\u00e5 var det tydligen, f\u00f6r nu b\u00f6rjade n\u00e4tverket att fungera!<\/p>\n<p>Sedan var det bara n\u00e5gra timmars jobb med att f\u00e5 routern att acceptera det nya n\u00e4tverkskortet innan Ann Britt blev utsl\u00e4ppt p\u00e5 Internet och kunde ta emot mail. Puh! I forts\u00e4ttningen drar vi nog ur modemet vid minsta m\u00f6rka moln p\u00e5 himlen!<\/p>\n<p>Vars\u00e5god, det d\u00e4r var ett litet vardagsreportage fr\u00e5n Ann Britt och Bj\u00f6rn. Ha det bra s\u00e5 l\u00e4nge!<\/p>\n","protected":false},"excerpt":{"rendered":"<p>Mellan den 14 och 19 augusti regnade det 71 mm \u00f6ver L\u00f6vsta;<\/p>\n","protected":false},"author":1,"featured_media":0,"comment_status":"open","ping_status":"open","sticky":false,"template":"","format":"standard","meta":[],"categories":[6],"tags":[],"_links":{"self":[{"href":"http:\/\/blogg.kamphavet.se\/index.php?rest_route=\/wp\/v2\/posts\/816"}],"collection":[{"href":"http:\/\/blogg.kamphavet.se\/index.php?rest_route=\/wp\/v2\/posts"}],"about":[{"href":"http:\/\/blogg.kamphavet.se\/index.php?rest_route=\/wp\/v2\/types\/post"}],"author":[{"embeddable":true,"href":"http:\/\/blogg.kamphavet.se\/index.php?rest_route=\/wp\/v2\/users\/1"}],"replies":[{"embeddable":true,"href":"http:\/\/blogg.kamphavet.se\/index.php?rest_route=%2Fwp%2Fv2%2Fcomments&post=816"}],"version-history":[{"count":13,"href":"http:\/\/blogg.kamphavet.se\/index.php?rest_route=\/wp\/v2\/posts\/816\/revisions"}],"predecessor-version":[{"id":1563,"href":"http:\/\/blogg.kamphavet.se\/index.php?rest_route=\/wp\/v2\/posts\/816\/revisions\/1563"}],"wp:attachment":[{"href":"http:\/\/blogg.kamphavet.se\/index.php?rest_route=%2Fwp%2Fv2%2Fmedia&parent=816"}],"wp:term":[{"taxonomy":"category","embeddable":true,"href":"http:\/\/blogg.kamphavet.se\/index.php?rest_route=%2Fwp%2Fv2%2Fcategories&post=816"},{"taxonomy":"post_tag","embeddable":true,"href":"http:\/\/blogg.kamphavet.se\/index.php?rest_route=%2Fwp%2Fv2%2Ftags&post=816"}],"curies":[{"name":"wp","href":"https:\/\/api.w.org\/{rel}","templated":true}]}}