{"id":1811,"date":"2011-06-06T13:43:50","date_gmt":"2011-06-06T12:43:50","guid":{"rendered":"http:\/\/blogg.kamphavet.se\/?p=1811"},"modified":"2011-09-12T11:09:21","modified_gmt":"2011-09-12T10:09:21","slug":"svenska-flaggans-dag","status":"publish","type":"post","link":"http:\/\/blogg.kamphavet.se\/?p=1811","title":{"rendered":"Svenska flaggans dag"},"content":{"rendered":"<p>P\u00e5 v\u00e5r tid hette det Svenska flaggans dag. Det sj\u00f6ngs &#8221;Flamma stolt&#8230;&#8221; och andra fosterl\u00e4ndska saker. T\u00e4nk att det blivit misst\u00e4nkt och f\u00f6raktat att tycka att &#8221;Sverige \u00e4r en sjysst plejs&#8221;! Suck, men\u00a0det g\u00f6r vi i alla fall. S\u00e4rskilt en s\u00e5dan h\u00e4r fantastisk sommardag!<!--more--><\/p>\n<figure id=\"attachment_1814\" aria-describedby=\"caption-attachment-1814\" style=\"width: 480px\" class=\"wp-caption alignnone\"><a href=\"http:\/\/blogg.kamphavet.se\/?attachment_id=1814\" rel=\"attachment wp-att-1814\"><img decoding=\"async\" loading=\"lazy\" class=\"size-full wp-image-1814\" title=\"D7045Y\" src=\"http:\/\/media.blogg.kamphavet.se\/D7045Y.jpg\" alt=\"\" width=\"480\" height=\"318\" srcset=\"http:\/\/media.blogg.kamphavet.se\/D7045Y.jpg 480w, http:\/\/media.blogg.kamphavet.se\/D7045Y-300x198.jpg 300w\" sizes=\"(max-width: 480px) 100vw, 480px\" \/><\/a><figcaption id=\"caption-attachment-1814\" class=\"wp-caption-text\">H\u00e4r flammas det stolt<\/figcaption><\/figure>\n<p>Vi best\u00e4mde oss f\u00f6r att \u00e4ntligen g\u00e5 mot K\u00e5rstagr\u00e4nsen p\u00e5 banvallen och b\u00e4vrarnas tillh\u00e5ll. Vi hade ocks\u00e5 h\u00f6rt att d\u00e4r skulle bo havs\u00f6rnar minsann! Vi s\u00e5g varken b\u00e4vrar eller \u00f6rnar, men en ensam ko strax efter V\u00e4stanbro. Om den stod kvar p\u00e5 hemv\u00e4gen t\u00e4nkte vi ringa Anders och fr\u00e5ga om det var i sin ordning, kor brukar ju f\u00f6rekomma i flock.<\/p>\n<p>Det var svalt och sk\u00f6nt n\u00e4r vi gick hemifr\u00e5n, men det \u00e4ndrade sig snabbt till utomlandsv\u00e4rme. Vi m\u00e4rkte att det var helgdag p\u00e5 att vi inte var ensamma p\u00e5 banvallen, vi m\u00f6tte ovanligt m\u00e5nga h\u00e4star och hundar med sina mattar. V\u00e5r egen hund blev t\u00f6rstig direkt och vi som hade gl\u00f6mt ta med vatten! Diken som brukar vara fyllda med vatten \u00e4r det inte den h\u00e4r f\u00f6rsommaren, det m\u00e4rks s\u00e5 v\u00e4l att det inte har regnat s\u00e4rskilt m\u00e5nga mm de senaste veckorna. Till och med Kvarnb\u00e4cken vid N\u00e4s s\u00e5g och kvarn var snustorr.<\/p>\n<figure id=\"attachment_1815\" aria-describedby=\"caption-attachment-1815\" style=\"width: 480px\" class=\"wp-caption alignnone\"><a href=\"http:\/\/blogg.kamphavet.se\/?attachment_id=1815\" rel=\"attachment wp-att-1815\"><img decoding=\"async\" loading=\"lazy\" class=\"size-full wp-image-1815\" title=\"D7040Y\" src=\"http:\/\/media.blogg.kamphavet.se\/D7040Y.jpg\" alt=\"\" width=\"480\" height=\"320\" srcset=\"http:\/\/media.blogg.kamphavet.se\/D7040Y.jpg 480w, http:\/\/media.blogg.kamphavet.se\/D7040Y-300x200.jpg 300w\" sizes=\"(max-width: 480px) 100vw, 480px\" \/><\/a><figcaption id=\"caption-attachment-1815\" class=\"wp-caption-text\">Kvarnb\u00e4cken \u00e4r snustorr<\/figcaption><\/figure>\n<p>\u00a0Bj\u00f6rn fick trassla sig ner till Sparren f\u00f6r att den lilla hunden skulle f\u00e5 n\u00e5got dricka. Det \u00e4r inte alldeles l\u00e4tt att hitta n\u00e5got bra st\u00e4lle att komma ned till stranden, branta klippor och f\u00e4llda tr\u00e4d mest hela v\u00e4gen.<\/p>\n<figure id=\"attachment_1817\" aria-describedby=\"caption-attachment-1817\" style=\"width: 480px\" class=\"wp-caption alignnone\"><a href=\"http:\/\/blogg.kamphavet.se\/?attachment_id=1817\" rel=\"attachment wp-att-1817\"><img decoding=\"async\" loading=\"lazy\" class=\"size-full wp-image-1817\" title=\"D7033Y\" src=\"http:\/\/media.blogg.kamphavet.se\/D7033Y.jpg\" alt=\"\" width=\"480\" height=\"320\" srcset=\"http:\/\/media.blogg.kamphavet.se\/D7033Y.jpg 480w, http:\/\/media.blogg.kamphavet.se\/D7033Y-300x200.jpg 300w\" sizes=\"(max-width: 480px) 100vw, 480px\" \/><\/a><figcaption id=\"caption-attachment-1817\" class=\"wp-caption-text\">Zelda dricker vatten i Sparren<\/figcaption><\/figure>\n<p>Hos b\u00e4vrarna var det st\u00f6kigare \u00e4n vanligt. Fler tr\u00e4d var f\u00e4llda huller om buller. De flesta verkar ha fallit \u00f6ver banvallen och sedan s\u00e5gats upp och flyttats med m\u00e4nsklig hj\u00e4lp. Vi s\u00e5g inte n\u00e5gon b\u00e4verkoja, men man ser nog b\u00e4ttre fr\u00e5n sj\u00f6n. Kanske vi kan f\u00e5 l\u00e5na en b\u00e5t av n\u00e5gon sn\u00e4ll Sparrenbo? B\u00e4vrarna har i alla fall ut\u00f6kat sitt revir till en bit bortanf\u00f6r K\u00e5rstagr\u00e4nsen, s\u00e5 f\u00f6rhoppningsvis har de blivit fler sedan f\u00f6rra \u00e5ret.<\/p>\n<p><a href=\"http:\/\/www.sparren.net\/\" target=\"_blank\">Sparrens Natur- och Vattenv\u00e5rdsf\u00f6rening <\/a>r\u00e4knade dem till sex f\u00f6rra \u00e5ret.<\/p>\n<figure id=\"attachment_1816\" aria-describedby=\"caption-attachment-1816\" style=\"width: 480px\" class=\"wp-caption alignnone\"><a href=\"http:\/\/blogg.kamphavet.se\/?attachment_id=1816\" rel=\"attachment wp-att-1816\"><img decoding=\"async\" loading=\"lazy\" class=\"size-full wp-image-1816\" title=\"D7038Y\" src=\"http:\/\/media.blogg.kamphavet.se\/D7038Y.jpg\" alt=\"\" width=\"480\" height=\"320\" srcset=\"http:\/\/media.blogg.kamphavet.se\/D7038Y.jpg 480w, http:\/\/media.blogg.kamphavet.se\/D7038Y-300x200.jpg 300w\" sizes=\"(max-width: 480px) 100vw, 480px\" \/><\/a><figcaption id=\"caption-attachment-1816\" class=\"wp-caption-text\">Sex pigga b\u00e4vrar har varit h\u00e4r<\/figcaption><\/figure>\n<p>Den ensamma kon var kvar n\u00e4r vi kom f\u00f6rbi p\u00e5 hemv\u00e4gen, nu stod hon uppe p\u00e5 ett litet berg och betade. Vi gick n\u00e4rmare staketet f\u00f6r att ta ett kort p\u00e5 henne och d\u00e5 uppt\u00e4ckte vi en pytteliten kalv alldeles invid banvallen. Den var m\u00e4rkt i \u00f6ronen s\u00e5 n\u00e5gon visste om att den fanns. Mamma ko kom fram och s\u00e5g orolig ut s\u00e5 vi gick vidare. Ringde till ko\u00e4gare Anders och fr\u00e5gade om kon och kalven. Det visade sig d\u00e5 att det skulle finnas tv\u00e5 kalvar! Anders sa att n\u00e4r kon tycker att kalvarna \u00e4r redo s\u00e5 s\u00f6ker de sig tillbaka till de andra korna. Vad fint, tyckte vi, att korna f\u00e5r sk\u00f6ta det d\u00e4r sj\u00e4lva!<\/p>\n<figure id=\"attachment_1813\" aria-describedby=\"caption-attachment-1813\" style=\"width: 480px\" class=\"wp-caption alignnone\"><a href=\"http:\/\/blogg.kamphavet.se\/?attachment_id=1813\" rel=\"attachment wp-att-1813\"><img decoding=\"async\" loading=\"lazy\" class=\"size-full wp-image-1813\" title=\"D7042Y\" src=\"http:\/\/media.blogg.kamphavet.se\/D7042Y.jpg\" alt=\"\" width=\"480\" height=\"298\" srcset=\"http:\/\/media.blogg.kamphavet.se\/D7042Y.jpg 480w, http:\/\/media.blogg.kamphavet.se\/D7042Y-300x186.jpg 300w\" sizes=\"(max-width: 480px) 100vw, 480px\" \/><\/a><figcaption id=\"caption-attachment-1813\" class=\"wp-caption-text\">Mamma Mu?<\/figcaption><\/figure>\n<p>V\u00e5ra skyltar utefter banvallen s\u00e5g bra ut, de beh\u00f6ver inte bytas ut p\u00e5 ett tag.<\/p>\n<p>Frukost p\u00e5 balkongen &#8211; man skall promenera f\u00f6re frukost, s\u00e4ger de. Solen kommer inte runt huset och b\u00f6rjar gassa p\u00e5 balkongen f\u00f6rr\u00e4n vid halv tv\u00e5tiden, s\u00e5 det var riktigt behagligt. Uppt\u00e4ckte att vi tappat motljusskyddet till teleobjektivet n\u00e5gon stans l\u00e4ngs banvallen, s\u00e5 Bj\u00f6rn fick tv\u00e5 promenader till K\u00e5rstagr\u00e4nsen i dag &#8211; hittade motljusskyddet p\u00e5 tillbakav\u00e4gen bakom en buske 500 m hemifr\u00e5n!<\/p>\n<p>En h\u00e4rlig sommardag \u00e4r det i alla fall, avslutar med ett par bilder till fr\u00e5n dagens promenad.<\/p>\n<figure id=\"attachment_1820\" aria-describedby=\"caption-attachment-1820\" style=\"width: 480px\" class=\"wp-caption alignnone\"><a href=\"http:\/\/blogg.kamphavet.se\/?attachment_id=1820\" rel=\"attachment wp-att-1820\"><img decoding=\"async\" loading=\"lazy\" class=\"size-full wp-image-1820\" title=\"D7031Y\" src=\"http:\/\/media.blogg.kamphavet.se\/D7031Y.jpg\" alt=\"\" width=\"480\" height=\"309\" srcset=\"http:\/\/media.blogg.kamphavet.se\/D7031Y.jpg 480w, http:\/\/media.blogg.kamphavet.se\/D7031Y-300x193.jpg 300w\" sizes=\"(max-width: 480px) 100vw, 480px\" \/><\/a><figcaption id=\"caption-attachment-1820\" class=\"wp-caption-text\">V\u00e4stanbro v\u00e4stervret kallades det h\u00e4r f\u00f6r l\u00e4nge sedan<\/figcaption><\/figure>\n<figure id=\"attachment_1821\" aria-describedby=\"caption-attachment-1821\" style=\"width: 480px\" class=\"wp-caption alignnone\"><a href=\"http:\/\/blogg.kamphavet.se\/?attachment_id=1821\" rel=\"attachment wp-att-1821\"><img decoding=\"async\" loading=\"lazy\" class=\"size-full wp-image-1821\" title=\"D7039Y\" src=\"http:\/\/media.blogg.kamphavet.se\/D7039Y.jpg\" alt=\"\" width=\"480\" height=\"320\" srcset=\"http:\/\/media.blogg.kamphavet.se\/D7039Y.jpg 480w, http:\/\/media.blogg.kamphavet.se\/D7039Y-300x200.jpg 300w\" sizes=\"(max-width: 480px) 100vw, 480px\" \/><\/a><figcaption id=\"caption-attachment-1821\" class=\"wp-caption-text\">Utsikt fr\u00e5n &quot;Tv\u00e5 blommors klippa&quot; - K\u00e4rleks\u00f6rt och Stinkn\u00e4va v\u00e4xer h\u00e4r - vilket omaka par!<\/figcaption><\/figure>\n","protected":false},"excerpt":{"rendered":"<p>P\u00e5 v\u00e5r tid hette det Svenska flaggans dag. Det sj\u00f6ngs &#8221;Flamma stolt&#8230;&#8221; och andra fosterl\u00e4ndska saker. T\u00e4nk att det blivit misst\u00e4nkt och f\u00f6raktat att tycka att &#8221;Sverige \u00e4r en sjysst plejs&#8221;! Suck, men\u00a0det g\u00f6r vi i alla fall. S\u00e4rskilt en s\u00e5dan h\u00e4r fantastisk sommardag!<\/p>\n","protected":false},"author":1,"featured_media":0,"comment_status":"open","ping_status":"open","sticky":false,"template":"","format":"standard","meta":[],"categories":[6],"tags":[16,15],"_links":{"self":[{"href":"http:\/\/blogg.kamphavet.se\/index.php?rest_route=\/wp\/v2\/posts\/1811"}],"collection":[{"href":"http:\/\/blogg.kamphavet.se\/index.php?rest_route=\/wp\/v2\/posts"}],"about":[{"href":"http:\/\/blogg.kamphavet.se\/index.php?rest_route=\/wp\/v2\/types\/post"}],"author":[{"embeddable":true,"href":"http:\/\/blogg.kamphavet.se\/index.php?rest_route=\/wp\/v2\/users\/1"}],"replies":[{"embeddable":true,"href":"http:\/\/blogg.kamphavet.se\/index.php?rest_route=%2Fwp%2Fv2%2Fcomments&post=1811"}],"version-history":[{"count":18,"href":"http:\/\/blogg.kamphavet.se\/index.php?rest_route=\/wp\/v2\/posts\/1811\/revisions"}],"predecessor-version":[{"id":1950,"href":"http:\/\/blogg.kamphavet.se\/index.php?rest_route=\/wp\/v2\/posts\/1811\/revisions\/1950"}],"wp:attachment":[{"href":"http:\/\/blogg.kamphavet.se\/index.php?rest_route=%2Fwp%2Fv2%2Fmedia&parent=1811"}],"wp:term":[{"taxonomy":"category","embeddable":true,"href":"http:\/\/blogg.kamphavet.se\/index.php?rest_route=%2Fwp%2Fv2%2Fcategories&post=1811"},{"taxonomy":"post_tag","embeddable":true,"href":"http:\/\/blogg.kamphavet.se\/index.php?rest_route=%2Fwp%2Fv2%2Ftags&post=1811"}],"curies":[{"name":"wp","href":"https:\/\/api.w.org\/{rel}","templated":true}]}}