{"id":1564,"date":"2010-09-15T11:28:14","date_gmt":"2010-09-15T10:28:14","guid":{"rendered":"http:\/\/blogg.kamphavet.se\/?p=1564"},"modified":"2011-09-12T11:31:31","modified_gmt":"2011-09-12T10:31:31","slug":"det-gar-rykten","status":"publish","type":"post","link":"http:\/\/blogg.kamphavet.se\/?p=1564","title":{"rendered":"Det g\u00e5r rykten&#8230;"},"content":{"rendered":"<p>Det s\u00e4gs att det intr\u00e4ffade dramatiska saker p\u00e5 Erikss\u00e4ter i helgen.<!--more--><\/p>\n<p>Eftersom jag var personligen inblandad kan jag f\u00f6rs\u00e4kra att ryktet om min n\u00e4rap\u00e5-h\u00e4dang\u00e5ng \u00e4r betydligt \u00f6verdrivet, f\u00f6r att travestera Mark Twain. F\u00f6r att g\u00f6ra en kort historia l\u00e5ng s\u00e5 var det s\u00e5, att bryggan p\u00e5 Erikss\u00e4ter hade sett b\u00e4ttre dagar. N\u00e4rmare best\u00e4mt skulle resterna av den ha st\u00f6rtat samman om en fj\u00e4ril landat p\u00e5 den. S\u00e5dana br\u00e4ckliga konstruktioner kan man ju inte anf\u00f6rtro det viktiga uppdraget att b\u00e4ra upp kr\u00e4ftsumpen under det dygn som beh\u00f6vs f\u00f6r att kr\u00e4ftorna skall g\u00f6ra sig av med sin dysmak och \u00e4ta upp n\u00e5gra av sina kompisar.<\/p>\n<p>D\u00e4rf\u00f6r sammantr\u00e4dde sv\u00e4rsonen Urban och jag p\u00e5 skullen i ladug\u00e5rden (d\u00e4r alla br\u00e4dor ligger &#8211; inget konstigt med det!) och \u00e4gnade oss \u00e5t en stunds kreativitet. Efter en stund hade vi spolat en m\u00e4ngd\u00a0<em>mycket<\/em> kreativa id\u00e9er (t ex en tipi-stomme p\u00e5 sj\u00f6bottnen att h\u00e4nga sumpen i) och landat i en mer konventionell l\u00f6sning: att bygga en ny brygga.<\/p>\n<p>Nu skall ingen tro att det var hamnpiren i Brighton eller n\u00e5got annat storslaget som f\u00f6resv\u00e4vade oss; nej, alls inte, utan bara ett par stolpar i vattnet, en br\u00e4da mellan dem och ett par plankor att g\u00e5 ut p\u00e5. Sumpen f\u00e5r ju inte ligga p\u00e5 botten och skall inte sticka upp \u00f6ver vattnet, s\u00e5 den nya bryggan m\u00e5ste n\u00e5 ut till \u00e5tminstone en meters vattendjup eller s\u00e5. De l\u00e4ngsta plankorna vi hittade var fyra meter l\u00e5nga, och det r\u00e4ckte precis.<\/p>\n<p>Den uppm\u00e4rksamme uppt\u00e4cker nu en viss \u00f6verdrift i den tidigare historien; f\u00f6r vi slog ned de nya stolparna st\u00e5ende p\u00e5 den gamla bryggan; men jag vill inte h\u00f6ra talas om att Urban eller jag skulle vara l\u00e4ttfotade. Detta moment gick l\u00e4tt nog, en tv\u00e4rsl\u00e5 spikades fast mellan stolparna (8 femtumsspik) och de tre plankor vi hade lades ut fr\u00e5n land s\u00e5 att de vilade p\u00e5 tv\u00e4rsl\u00e5n. S\u00e5 spikade vi fast plankorna, rev den gamla bryggan (l\u00e4tt!) och \u00f6vergick till verifieringen.<\/p>\n<p>Det var ju inte avsikten att det skulle bli en f\u00f6rst\u00f6rande provning, men n\u00e4r vi applicerat provbelastningen (dvs mig) p\u00e5 den v\u00e4nstraste plankan sade det krasch!, plankan (2 x 6 tum; jag anf\u00f6rtror dagligen mitt liv \u00e5t s\u00e5dana plankor p\u00e5 byggnadsst\u00e4llningen hemma p\u00e5 L\u00f6vsta) br\u00f6ts tv\u00e4rt av; och yours truly gjorde ett stilfullt ryggplask i sj\u00f6n.<\/p>\n<p>Tja, det var ju bara att resa sig upp, spotta ut en m\u00f6rt eller tv\u00e5 och kalla in haverikommissionen. Innan den kom fram hann jag uppt\u00e4cka att glas\u00f6gonen stannat kvar i sj\u00f6n och att min v\u00e4st var m\u00e4rkv\u00e4rdigt vattent\u00e4t. Jag hade tv\u00e5 liter vatten i var och en av v\u00e4stens 12 fickor och fick v\u00e4nda ut och in p\u00e5 dem f\u00f6r att t\u00f6mma ut vattnet. Tyv\u00e4rr hade jag Ann Britts kamera i en av fickorna; den m\u00e5dde inte bra av vattnet, om man s\u00e4ger s\u00e5.<\/p>\n<p>Urban hittade glas\u00f6gonen efter en stund, s\u00e5 totalf\u00f6rlusten reducerades direkt med 6-7 tusen kronor. Haverikommissionen fann att den brustna plankan hade g\u00e5tt av vid en stor kvist &#8211; s\u00e5dana finns inte i de plankor jag k\u00f6per p\u00e5 br\u00e4dg\u00e5rden, den h\u00e4r hade v\u00e4xt i v\u00e5r skog och s\u00e5gats p\u00e5 den lokala s\u00e5gen &#8211; kvalitet l\u00f6nar sig?<\/p>\n<p>N\u00e5, skam den som ger sig; vi hittade en planka till (utan kvistar), lade dit den och spikade p\u00e5 br\u00e4dor fr\u00e5n den gamla bryggan mellan plankorna s\u00e5 att de skulle hj\u00e4lpas \u00e5t n\u00e4r n\u00e5gon klev p\u00e5 en av dem &#8211; efter det k\u00e4ndes bryggan stabil och togs i bruk.<\/p>\n<p>Vi fick 6 abborrar och 1 g\u00f6s i n\u00e4ten f\u00f6rsta natten &#8211; det r\u00e4ckte och blev \u00f6ver som kr\u00e4ftbete.\u00a0P\u00e5 fredagkv\u00e4llen lade sonen Anders, Urban och jag ut 20 burar p\u00e5 de vanliga st\u00e4llena. F\u00f6rsta vittjningen, mellan elva och halv ett, var en upplyftande begivenhet! I bur nummer tre fick vi 45 (fyrtiofem!) kr\u00e4ftor &#8211; i och f\u00f6r sig lade vi tillbaka 18 som vi ans\u00e5g f\u00f6r sm\u00e5, men \u00e4nd\u00e5 slogs det gamla burrekordet med 100 procent. Totalt 270 kr\u00e4ftor eller s\u00e5 hamnade i sumpen.<\/p>\n<p>Vi kom i s\u00e4ng omkring 2; ingen bra start om man vill hoppa upp med ett skratt kl 6 &#8211; n\u00e5, fram\u00e5t 8 kom Anders och jag ut igen och tog hem burarna &#8211; Urban tog hand om lilla Elisa s\u00e5 att mamma Nina skulle f\u00e5 sova. Naturligtvis blev det inte samma sensationella f\u00e5ngst som p\u00e5 natten, men allt som allt landade vi 418 kr\u00e4ftor &#8211; plus omkring 200 sm\u00e5ttingar som hade f\u00e5tt simma hem till sina mammor direkt. Efter den f\u00e5ngsten st\u00e4ngde vi kr\u00e4ftfiskes\u00e4songen.<\/p>\n<figure id=\"attachment_1579\" aria-describedby=\"caption-attachment-1579\" style=\"width: 360px\" class=\"wp-caption alignnone\"><a href=\"http:\/\/blogg.kamphavet.se\/?attachment_id=1579\" rel=\"attachment wp-att-1579\"><img decoding=\"async\" loading=\"lazy\" class=\"size-large wp-image-1579 \" title=\"Sumpen t\u00f6ms\" src=\"http:\/\/media.blogg.kamphavet.se\/NK2372-360x480.jpg\" alt=\"\" width=\"360\" height=\"480\" \/><\/a><figcaption id=\"caption-attachment-1579\" class=\"wp-caption-text\">Morfar plockar kr\u00e4ftor ur sumpen - pojkarna \u00e4r intresserade \u00e5sk\u00e5dare<\/figcaption><\/figure>\n<figure id=\"attachment_1581\" aria-describedby=\"caption-attachment-1581\" style=\"width: 360px\" class=\"wp-caption alignnone\"><a href=\"http:\/\/blogg.kamphavet.se\/?attachment_id=1581\" rel=\"attachment wp-att-1581\"><img decoding=\"async\" loading=\"lazy\" class=\"size-large wp-image-1581\" title=\"Jag kan!\" src=\"http:\/\/media.blogg.kamphavet.se\/NK2383-360x480.jpg\" alt=\"\" width=\"360\" height=\"480\" \/><\/a><figcaption id=\"caption-attachment-1581\" class=\"wp-caption-text\">Gustav v\u00e5gar ta upp en kr\u00e4fta sj\u00e4lv! Fast handsken \u00e4r litet f\u00f6r stor.<\/figcaption><\/figure>\n<p>S\u00f6ndagen gick \u00e5t till kr\u00e4ftkokning &#8211; det tar en hel del tid att koka 400 kr\u00e4ftor 10 i taget, och fler stora grytor har vi inte.<\/p>\n<p>Damerna och de yngre herrarna \u00e4gnade helgen \u00e5t svampplockning. Sk\u00f6rden blev imponerande &#8211; kantareller, stolt fj\u00e4llskivling, svart trumpetsvamp och sm\u00f6rsopp. Det \u00e4r m\u00e4rkligt hur mycket det kan skilja p\u00e5 svamptillg\u00e5ngen mellan Uppland och S\u00f6rmland &#8211; hemma m\u00e5ste man s\u00e4ga att 2010 \u00e4r ett h\u00f6gst mediokert svamp\u00e5r, h\u00e4r p\u00e5 Erikss\u00e4ter \u00e4r det ett av de b\u00e4sta!<\/p>\n<figure id=\"attachment_1577\" aria-describedby=\"caption-attachment-1577\" style=\"width: 360px\" class=\"wp-caption alignnone\"><a href=\"http:\/\/blogg.kamphavet.se\/?attachment_id=1577\" rel=\"attachment wp-att-1577\"><img decoding=\"async\" loading=\"lazy\" class=\"size-large wp-image-1577\" title=\"Tv\u00e5 pojkar med mormor i svamskogen\" src=\"http:\/\/media.blogg.kamphavet.se\/NK2365-360x480.jpg\" alt=\"\" width=\"360\" height=\"480\" \/><\/a><figcaption id=\"caption-attachment-1577\" class=\"wp-caption-text\">Ville och Gustav h\u00e4ngde med fast det var l\u00e5ngt att g\u00e5<\/figcaption><\/figure>\n<figure id=\"attachment_1578\" aria-describedby=\"caption-attachment-1578\" style=\"width: 448px\" class=\"wp-caption alignnone\"><a href=\"http:\/\/blogg.kamphavet.se\/?attachment_id=1578\" rel=\"attachment wp-att-1578\"><img decoding=\"async\" loading=\"lazy\" class=\"size-large wp-image-1578 \" title=\"I m\u00f6rka urskogen\" src=\"http:\/\/media.blogg.kamphavet.se\/NK2367-640x480.jpg\" alt=\"\" width=\"448\" height=\"336\" \/><\/a><figcaption id=\"caption-attachment-1578\" class=\"wp-caption-text\">Mormor och pojkarna djupt inne i skogen<\/figcaption><\/figure>\n<p>Hemresan p\u00e5 m\u00e5ndagen gjorde vi i slagregn och tyv\u00e4rr var v\u00e5r sl\u00e4pk\u00e4rra l\u00e5ngt fr\u00e5n vattent\u00e4t, s\u00e5 i tv\u00e5 dagar har vi torkat genombl\u00f6ta kl\u00e4der, men till sist \u00e4r vi nu\u00a0tillbaka i de normala g\u00e4ngorna.<\/p>\n<p>Bilderna \u00e4r fr\u00e5n Katjas kamera &#8211; hon badade inte med sin!<\/p>\n","protected":false},"excerpt":{"rendered":"<p>Det s\u00e4gs att det intr\u00e4ffade dramatiska saker p\u00e5 Erikss\u00e4ter i helgen.<\/p>\n","protected":false},"author":1,"featured_media":0,"comment_status":"open","ping_status":"open","sticky":false,"template":"","format":"standard","meta":[],"categories":[6],"tags":[19,43,44,45],"_links":{"self":[{"href":"http:\/\/blogg.kamphavet.se\/index.php?rest_route=\/wp\/v2\/posts\/1564"}],"collection":[{"href":"http:\/\/blogg.kamphavet.se\/index.php?rest_route=\/wp\/v2\/posts"}],"about":[{"href":"http:\/\/blogg.kamphavet.se\/index.php?rest_route=\/wp\/v2\/types\/post"}],"author":[{"embeddable":true,"href":"http:\/\/blogg.kamphavet.se\/index.php?rest_route=\/wp\/v2\/users\/1"}],"replies":[{"embeddable":true,"href":"http:\/\/blogg.kamphavet.se\/index.php?rest_route=%2Fwp%2Fv2%2Fcomments&post=1564"}],"version-history":[{"count":22,"href":"http:\/\/blogg.kamphavet.se\/index.php?rest_route=\/wp\/v2\/posts\/1564\/revisions"}],"predecessor-version":[{"id":1978,"href":"http:\/\/blogg.kamphavet.se\/index.php?rest_route=\/wp\/v2\/posts\/1564\/revisions\/1978"}],"wp:attachment":[{"href":"http:\/\/blogg.kamphavet.se\/index.php?rest_route=%2Fwp%2Fv2%2Fmedia&parent=1564"}],"wp:term":[{"taxonomy":"category","embeddable":true,"href":"http:\/\/blogg.kamphavet.se\/index.php?rest_route=%2Fwp%2Fv2%2Fcategories&post=1564"},{"taxonomy":"post_tag","embeddable":true,"href":"http:\/\/blogg.kamphavet.se\/index.php?rest_route=%2Fwp%2Fv2%2Ftags&post=1564"}],"curies":[{"name":"wp","href":"https:\/\/api.w.org\/{rel}","templated":true}]}}