{"id":1524,"date":"2010-08-04T15:32:13","date_gmt":"2010-08-04T14:32:13","guid":{"rendered":"http:\/\/blogg.kamphavet.se\/?p=1524"},"modified":"2011-09-12T11:40:31","modified_gmt":"2011-09-12T10:40:31","slug":"ett-barnbarn-till","status":"publish","type":"post","link":"http:\/\/blogg.kamphavet.se\/?p=1524","title":{"rendered":"Ett barnbarn till!"},"content":{"rendered":"<p>Ninas och Urbans dotter Elisa f\u00f6ddes den 27 juli\u00a0&#8211; vi fick tr\u00e4ffa henne i fredags n\u00e4r de kom hem fr\u00e5n BB. <!--more--><\/p>\n<p>Elisa hade lite br\u00e5ttom att komma till v\u00e4rlden, 2-3 veckor f\u00f6r tidigt anl\u00e4nde hon. Detta medf\u00f6rde att hon fick en v\u00e4rre sl\u00e4ng av gulsot \u00e4n som annars \u00e4r vanligt. Nina och Urban fick \u00e5ka fram och tillbaka till sjukhuset n\u00e5gra g\u00e5nger f\u00f6r provtagning och lilla Elisa fick dessutom speciell ljusbehandling. Efter en vecka bl\u00e5stes faran \u00f6ver, d\u00e5 hade Elisa \u00f6kat bra i vikt och hennes v\u00e4rden var mycket l\u00e4gre.<\/p>\n<figure id=\"attachment_1531\" aria-describedby=\"caption-attachment-1531\" style=\"width: 450px\" class=\"wp-caption alignnone\"><a href=\"http:\/\/blogg.kamphavet.se\/?attachment_id=1531\" rel=\"attachment wp-att-1531\"><img decoding=\"async\" loading=\"lazy\" class=\"size-full wp-image-1531\" title=\"CN2204A\" src=\"http:\/\/media.blogg.kamphavet.se\/CIMG2204A.jpg\" alt=\"\" width=\"450\" height=\"349\" srcset=\"http:\/\/media.blogg.kamphavet.se\/CIMG2204A.jpg 450w, http:\/\/media.blogg.kamphavet.se\/CIMG2204A-300x232.jpg 300w\" sizes=\"(max-width: 450px) 100vw, 450px\" \/><\/a><figcaption id=\"caption-attachment-1531\" class=\"wp-caption-text\">Elisa i solariefilten<\/figcaption><\/figure>\n<p>Hemma v\u00e4ntade kusinen Valerie och\u00a0moster Marja tilsammans med mormor och morfar p\u00e5 att f\u00e5 se det lilla underverket. Lilla hunden Inez hade \u00e4ven hon v\u00e4ntat ot\u00e5ligt p\u00e5 lillmatten.\u00a0Kusinen Valerie, 4,5 m\u00e5nad,\u00a0verkade helt pl\u00f6tsligt\u00a0mycket stor och f\u00f6rst\u00e5ndig i j\u00e4mf\u00f6relse med den lilla nyf\u00f6dda. Alla var helt \u00f6verens om att Elisa var ett\u00a0lika vacket barn som\u00a0alla v\u00e5ra andra barnbarn.<\/p>\n<figure id=\"attachment_1532\" aria-describedby=\"caption-attachment-1532\" style=\"width: 450px\" class=\"wp-caption alignnone\"><a href=\"http:\/\/blogg.kamphavet.se\/?attachment_id=1532\" rel=\"attachment wp-att-1532\"><img decoding=\"async\" loading=\"lazy\" class=\"size-full wp-image-1532\" title=\"D6057A\" src=\"http:\/\/media.blogg.kamphavet.se\/IMG_6057A.jpg\" alt=\"\" width=\"450\" height=\"300\" srcset=\"http:\/\/media.blogg.kamphavet.se\/IMG_6057A.jpg 450w, http:\/\/media.blogg.kamphavet.se\/IMG_6057A-300x200.jpg 300w\" sizes=\"(max-width: 450px) 100vw, 450px\" \/><\/a><figcaption id=\"caption-attachment-1532\" class=\"wp-caption-text\">Valerie beundrar nya kusinen<\/figcaption><\/figure>\n<figure id=\"attachment_1535\" aria-describedby=\"caption-attachment-1535\" style=\"width: 450px\" class=\"wp-caption alignnone\"><a href=\"http:\/\/blogg.kamphavet.se\/?attachment_id=1535\" rel=\"attachment wp-att-1535\"><img decoding=\"async\" loading=\"lazy\" class=\"size-full wp-image-1535\" title=\"D6095A\" src=\"http:\/\/media.blogg.kamphavet.se\/IMG_6095A1.jpg\" alt=\"\" width=\"450\" height=\"399\" srcset=\"http:\/\/media.blogg.kamphavet.se\/IMG_6095A1.jpg 450w, http:\/\/media.blogg.kamphavet.se\/IMG_6095A1-300x266.jpg 300w\" sizes=\"(max-width: 450px) 100vw, 450px\" \/><\/a><figcaption id=\"caption-attachment-1535\" class=\"wp-caption-text\">Elisa tv\u00e5 dagar gammal<\/figcaption><\/figure>\n<figure id=\"attachment_1533\" aria-describedby=\"caption-attachment-1533\" style=\"width: 450px\" class=\"wp-caption alignnone\"><a href=\"http:\/\/blogg.kamphavet.se\/?attachment_id=1533\" rel=\"attachment wp-att-1533\"><img decoding=\"async\" loading=\"lazy\" class=\"size-full wp-image-1533\" title=\"D6102A\" src=\"http:\/\/media.blogg.kamphavet.se\/IMG_6102A.jpg\" alt=\"\" width=\"450\" height=\"441\" srcset=\"http:\/\/media.blogg.kamphavet.se\/IMG_6102A.jpg 450w, http:\/\/media.blogg.kamphavet.se\/IMG_6102A-300x294.jpg 300w\" sizes=\"(max-width: 450px) 100vw, 450px\" \/><\/a><figcaption id=\"caption-attachment-1533\" class=\"wp-caption-text\">Elisa en vecka gammal<\/figcaption><\/figure>\n<p>Efter den fantastiska sommaren som b\u00f6rjade i midsommarveckan kom regnet p\u00e5 allvar den 24 juli. D\u00e5 f\u00f6ll det 31 mm h\u00e4r p\u00e5 L\u00f6vsta,\u00a0det r\u00e4cker ju och blir \u00f6ver f\u00f6r tr\u00e4dg\u00e5rden. Tyv\u00e4rr tordes vi inte vattna gr\u00f6nsakerna s\u00e5 mycket som de beh\u00f6vde under torkan, s\u00e5 sk\u00f6rden blir r\u00e4tt knapp. Spenat och ruccolasallad gick i blom och torkade sedan bort, salladsl\u00f6ken s\u00e5g vi inte en skymt av. Dillen \u00e4r f\u00f6rkrympt, huvudsalladen f\u00e5r inga huvuden\u00a0och bara f\u00f6rsta omg\u00e5ngen plocksallad ser n\u00e5gorlunda ut.\u00a0 Ja, ja, men en h\u00e4rlig sommar var det. Just nu har det regnat 18 timmar i str\u00e4ck &#8211; be careful what you pray for &#8211; you may get it!<\/p>\n<p>Vi har hunnit en bra bit p\u00e5 m\u00e5lningen fast det nu bara blir en arbetsdag d\u00e5 och d\u00e5 n\u00e4r det \u00e4r uppeh\u00e5ll.\u00a0 I g\u00e5r hann vi m\u00e5la f\u00f6rsta lagret gul t\u00e4ckf\u00e4rg p\u00e5 balkongv\u00e4ggen och v\u00e4ggen vid matsalen, s\u00e5 nu \u00e4r nog 2\/3 av det som skall bli gult klart f\u00f6r sista lagret. Ann Britt har ocks\u00e5 hunnit grundm\u00e5la och kitta den minst sagt v\u00e4derbitna balkongd\u00f6rren.\u00a0 Resten av m\u00e5landet \u00e4r ju bara en fr\u00e5ga om uth\u00e5llighet &#8211; och att flytta byggnadsst\u00e4llningen till v\u00e4ggen utanf\u00f6r biblioteket.<\/p>\n<figure id=\"attachment_1536\" aria-describedby=\"caption-attachment-1536\" style=\"width: 450px\" class=\"wp-caption alignnone\"><a href=\"http:\/\/blogg.kamphavet.se\/?attachment_id=1536\" rel=\"attachment wp-att-1536\"><img decoding=\"async\" loading=\"lazy\" class=\"size-full wp-image-1536\" title=\"F1300A\" src=\"http:\/\/media.blogg.kamphavet.se\/DSCF1300A.jpg\" alt=\"\" width=\"450\" height=\"329\" srcset=\"http:\/\/media.blogg.kamphavet.se\/DSCF1300A.jpg 450w, http:\/\/media.blogg.kamphavet.se\/DSCF1300A-300x219.jpg 300w\" sizes=\"(max-width: 450px) 100vw, 450px\" \/><\/a><figcaption id=\"caption-attachment-1536\" class=\"wp-caption-text\">2\/3 av framsidan har f\u00e5tt sin gula f\u00e4rg<\/figcaption><\/figure>\n<p>Men det finns ett par problem p\u00e5 v\u00e4gen: norra fotbr\u00e4dan p\u00e5 utbyggnaden \u00f6ver balkongen\u00a0 och balkongr\u00e4cket. Att s\u00e5ga till och s\u00e4tta upp en ny fotbr\u00e4da \u00e4r inte problemet, det gick ju galant p\u00e5 den s\u00f6dra sidan &#8211; men &#8230; under teglet p\u00e5 norra sidan har vi minst fyra getingbon.\u00a0 Att flytta p\u00e5 tegelpannor som har getingbon p\u00e5 undersidan \u00e4r inget som lockar Bj\u00f6rn, som hamnade p\u00e5 sjukhus redan i ungdomen efter att ha br\u00e5kat med getingar. I och f\u00f6r sig har han diverse kortisontabletter och annat i medicinf\u00f6rr\u00e5det, men 6 meter \u00f6ver marken med os\u00e4kert fotf\u00e4ste \u00e4r inget dr\u00f6ml\u00e4ge n\u00e4r man blir anfallen av ilskna getingar. L\u00f6sningen kanske stavas Anticimex, men kan de komma redan i \u00e5r om vi ber dem?<\/p>\n<p>Balkongr\u00e4cket \u00e4r en annan femma &#8211; d\u00e4r handlar det inte om livsfara och tapperhet, utan om o\u00f6versk\u00e5dligt mycket jobb. Det mesta av det nuvarande r\u00e4cket verkar ganska v\u00e4lbeh\u00e5llet\u00a0men en av h\u00f6rnstolparna \u00e4r dock r\u00e4tt illa rutten och m\u00e5ste bytas. Men s\u00e5 var sv\u00e4rsonen Hans h\u00e4r och tittade till oss, och visade att pl\u00e5ten p\u00e5 balkonggolvet har rostat igenom p\u00e5 flera st\u00e4llen. Hasse chockerade dessutom Bj\u00f6rn genom att helt sonika lyfta h\u00f6rnstolparna &#8211; de sitter inte fast i balkonggolvet utan st\u00e5r l\u00f6sa \u00a0p\u00e5 varsin pigg (antagligen) och h\u00e5lls p\u00e5 plats genom att r\u00e4cket sitter fast i husv\u00e4ggen. Hela r\u00e4cket h\u00e4nger allts\u00e5 p\u00e5 8 -10 spikar i v\u00e4ggen och stolparna hj\u00e4lper inte till alls! Och hur m\u00e5r golvet under den genomrostade pl\u00e5ten?? Okul! &#8221;Byt alltihop, det klarar Du l\u00e4tt&#8221;\u00a0 kommenterade sv\u00e4rsonen, som sj\u00e4lv lyft sitt reveterade 1800-talshus och bytt ut understa varvet stockar. L\u00e4tt och l\u00e4tt&#8230;<\/p>\n<p>Regnet har f\u00f6rst\u00e5s en f\u00f6rdel &#8211; vi hinner med att jobba litet vid datorerna; v\u00e5ra webplatser var inte uppdaterade sedan i b\u00f6rjan av juni, och R\u00f6projektet har st\u00e5tt stilla i ett par m\u00e5nader. Men forska kan man g\u00f6ra resten av \u00e5ret &#8211; m\u00e5la g\u00e5r bara p\u00e5 sommaren.<\/p>\n<p>Tyv\u00e4rr har det blivit s\u00e4mre med promenerandet ocks\u00e5; all tid har g\u00e5tt \u00e5t till m\u00e5landet och hundarna m\u00e5dde inte heller riktigt bra n\u00e4r vi var ute l\u00e4nge i hettan. Men prognosen ligger fortfarande \u00f6ver 200 mil i \u00e5r &#8211; vi f\u00e5r v\u00e4l l\u00e4gga in en spurt n\u00e4r m\u00e5lningss\u00e4songen \u00e4r \u00f6ver.<\/p>\n","protected":false},"excerpt":{"rendered":"<p>Ninas och Urbans dotter Elisa f\u00f6ddes den 27 juli\u00a0&#8211; vi fick tr\u00e4ffa henne i fredags n\u00e4r de kom hem fr\u00e5n BB.<\/p>\n","protected":false},"author":1,"featured_media":0,"comment_status":"open","ping_status":"open","sticky":false,"template":"","format":"standard","meta":[],"categories":[6],"tags":[22,46,9],"_links":{"self":[{"href":"http:\/\/blogg.kamphavet.se\/index.php?rest_route=\/wp\/v2\/posts\/1524"}],"collection":[{"href":"http:\/\/blogg.kamphavet.se\/index.php?rest_route=\/wp\/v2\/posts"}],"about":[{"href":"http:\/\/blogg.kamphavet.se\/index.php?rest_route=\/wp\/v2\/types\/post"}],"author":[{"embeddable":true,"href":"http:\/\/blogg.kamphavet.se\/index.php?rest_route=\/wp\/v2\/users\/1"}],"replies":[{"embeddable":true,"href":"http:\/\/blogg.kamphavet.se\/index.php?rest_route=%2Fwp%2Fv2%2Fcomments&post=1524"}],"version-history":[{"count":11,"href":"http:\/\/blogg.kamphavet.se\/index.php?rest_route=\/wp\/v2\/posts\/1524\/revisions"}],"predecessor-version":[{"id":1982,"href":"http:\/\/blogg.kamphavet.se\/index.php?rest_route=\/wp\/v2\/posts\/1524\/revisions\/1982"}],"wp:attachment":[{"href":"http:\/\/blogg.kamphavet.se\/index.php?rest_route=%2Fwp%2Fv2%2Fmedia&parent=1524"}],"wp:term":[{"taxonomy":"category","embeddable":true,"href":"http:\/\/blogg.kamphavet.se\/index.php?rest_route=%2Fwp%2Fv2%2Fcategories&post=1524"},{"taxonomy":"post_tag","embeddable":true,"href":"http:\/\/blogg.kamphavet.se\/index.php?rest_route=%2Fwp%2Fv2%2Ftags&post=1524"}],"curies":[{"name":"wp","href":"https:\/\/api.w.org\/{rel}","templated":true}]}}