{"id":1405,"date":"2010-05-13T19:50:43","date_gmt":"2010-05-13T18:50:43","guid":{"rendered":"http:\/\/blogg.kamphavet.se\/?p=1405"},"modified":"2011-09-12T11:52:03","modified_gmt":"2011-09-12T10:52:03","slug":"varbruk","status":"publish","type":"post","link":"http:\/\/blogg.kamphavet.se\/?p=1405","title":{"rendered":"V\u00e5rbruk"},"content":{"rendered":"<p>\u00c4ntligen fick vi litet m\u00e4nskligt v\u00e4der &#8211; vi har haft vantar p\u00e5 oss n\u00e4r vi varit ute den sista tiden &#8211;\u00a0vantar\u00a0 i maj\u00a0 \u00e4r ju inte klokt! Dags att g\u00f6ra n\u00e5got \u00e5t v\u00e5r &#8221;tr\u00e4dg\u00e5rd&#8221;. <!--more--><\/p>\n<p>R\u00e5djuren har \u00e4tit upp alla grenar de n\u00e5tt i \u00e4ppeltr\u00e4den och f\u00f6rs\u00f6kt utrota vintergr\u00f6nan (hur hittade de den under 75 cm sn\u00f6?). Lilla rhododendron \u00e4r nog slutligen stend\u00f6d och skall ers\u00e4ttas av en rosenbuske. Den stora rhododendron utanf\u00f6r verandan ser skaplig ut, trots allt. Det h\u00e4r \u00e4r ju\u00a0inget vidare st\u00e4lle f\u00f6r rhododendron\u00a0&#8211; marken \u00e4r lika kalkhaltig som Dovers klippor.<\/p>\n<p>Det blir ingen egen potatis i \u00e5r &#8211; medioker sk\u00f6rd och mycket skorv &#8211; i st\u00e4llet skall potatislandet omskolas till gr\u00f6nsaksland, f\u00f6r sallad, persilja och dill v\u00e4xte bra f\u00f6rra \u00e5ret. Det har v\u00e4xt s\u00e5 mycket ogr\u00e4s i potatislandet att det tog en hel dag att rensa, gr\u00e4va och j\u00e4mna till. En annan dag gick \u00e5t till att rensa bort alla l\u00f6v som skyddat rosorna.<\/p>\n<p>Vi v\u00e4ntar ot\u00e5ligt p\u00e5 en offert fr\u00e5n v\u00e5r tr\u00e4dg\u00e5rdspimpare &#8211; vi hoppas ha r\u00e5d att l\u00e4gga plattor under nya paviljongen och byta ut de gamla lecablocken l\u00e4ngs rabatten mot riktig kantsten. Den f\u00f6rsta offerten inneh\u00f6ll inget pris p\u00e5 kantstenen, s\u00e5 vi kan inte best\u00e4mma oss \u00e4nnu. Men nya tr\u00e4dg\u00e5rdsm\u00f6bler har vi best\u00e4llt och paviljongen ligger p\u00e5 sl\u00e4pet i v\u00e4ntan p\u00e5 montering.<\/p>\n<p>M\u00e5lningsprojektet gick i st\u00e5 n\u00e4r v\u00e5ren f\u00f6rsvann f\u00f6r 14 dagar sedan. Bj\u00f6rn har dock grubblat en hel del \u00f6ver hur vi skall s\u00e4tta upp byggnadsst\u00e4llningen \u00f6ver balkongen &#8211; vi m\u00e5ste n\u00e5 7 meter upp till gavelnocken \u00f6ver balkongen och 2&#215;4-reglarna \u00e4r bara 4 1\/2 meter l\u00e5nga. Att bygga p\u00e5 balkongen k\u00e4nns inte riktigt s\u00e4kert, ingen vet n\u00e4mligen hur den sitter fast i huset\u00a0&#8211; det\u00a0skall vi f\u00f6rs\u00f6ka ta reda p\u00e5, men d\u00e5 m\u00e5ste vi bryta upp panelen p\u00e5 undersidan.\u00a0Det blir som vanligt att pr\u00f6va sig fram med tiodubbla s\u00e4kerhetsmarginaler &#8211; snedstag \u00f6verallt, hundra spikpl\u00e5tar och tusen skruvar.\u00a0 V\u00e4ggen \u00f6ver balkongen blir den besv\u00e4rligaste delen, att jobba med\u00a0l\u00e5ngv\u00e4ggarna sedan blir ju en promenad i parken \u00e4ven om en hel del ruttet beh\u00f6ver bytas ut.<\/p>\n<p>Inez, Ninas och Urbans Jack Russel, som snart fyller ett \u00e5r, har uppt\u00e4ckt att man kan bada i v\u00e5rt dike. Eftersom hon \u00e4lskar att bada hoppar hon i s\u00e5 ofta hon kan, plaskar runt, doppar huvudet och beter sig som ett riktigt vattendjur. Tr\u00e5kigt nog best\u00e5r botten i diket av djup, svart gyttja, s\u00e5 hon blir obeskrivligt lortig. Nina kom dock p\u00e5 att om man st\u00e4llde ut en balja med rent vatten \u00e5t henne s\u00e5 \u00e4r hon sj\u00e4lvreng\u00f6rande &#8211; hon leker i baljan tills hon \u00e4r ren igen.<\/p>\n<figure id=\"attachment_1409\" aria-describedby=\"caption-attachment-1409\" style=\"width: 450px\" class=\"wp-caption alignnone\"><a href=\"http:\/\/blogg.kamphavet.se\/?attachment_id=1409\" rel=\"attachment wp-att-1409\"><img decoding=\"async\" loading=\"lazy\" class=\"size-full wp-image-1409\" title=\"Inez tar ett gyttjebad\" src=\"http:\/\/media.blogg.kamphavet.se\/D5868Y.jpg\" alt=\"\" width=\"450\" height=\"339\" srcset=\"http:\/\/media.blogg.kamphavet.se\/D5868Y.jpg 450w, http:\/\/media.blogg.kamphavet.se\/D5868Y-300x226.jpg 300w\" sizes=\"(max-width: 450px) 100vw, 450px\" \/><\/a><figcaption id=\"caption-attachment-1409\" class=\"wp-caption-text\">Inez tar ett gyttjebad<\/figcaption><\/figure>\n<p>Till midsommar v\u00e4ntar vi amerikabes\u00f6k &#8211; gods and Iceland volcanos permitting.\u00a0 Ann Britts pappas kusin Irving Lundell, hans dotter Julie och hans brorsdotter Esther kommer hit p\u00e5 intensivkurs i svenskt midsommarfirande. Vi skall hinna med en del sightseeing ocks\u00e5; Stockholm, Norrt\u00e4lje och n\u00e4romr\u00e5dets &#8221;m\u00e4rkv\u00e4rdigheter&#8221; f\u00f6rst\u00e5s, men vi t\u00e4nker oss ocks\u00e5 bort till Breds socken v\u00e4ster om Enk\u00f6ping d\u00e4r Irvings fars sl\u00e4kt hade en g\u00e5rd i m\u00e5nga hundra \u00e5r. I morgon t\u00e4nker vi \u00e5ka bort och reka i Bred &#8211; det g\u00e4ller ju att hitta n\u00e4r vi \u00e5ker dit med sl\u00e4ktingarna.<\/p>\n<p>I dag \u00e5kte vi till Wallby handelstr\u00e4dg\u00e5rd och inhandlade 6 s\u00e4ckar jord, 1 \u00e4ppeltr\u00e4d (Katja heter sorten &#8211; kul, vad?), 1 kl\u00e4ngv\u00e4xt och diverse n\u00e4t mot r\u00e5djuren &#8211; vi \u00e4r tveksamma om n\u00e4tet r\u00e4cker f\u00f6r att h\u00e5lla dem borta; det borde vara spanska ryttare, trampminor och en vallgrav med krokodiler; men s\u00e5 f\u00e5r man ju inte behandla Bambi! F\u00f6rresten l\u00e4ste vi nyligen\u00a0att Bambi i ursprungssagan var just ett r\u00e5djur, men n\u00e4r Disney gjorde film av sagan var han tvungen att g\u00f6ra Bambi till en amerikansk hjort &#8211; den amerikanska publiken i gemen hade aldrig h\u00f6rt talas om r\u00e5djur. Stackars amerikaner!<\/p>\n<figure id=\"attachment_1413\" aria-describedby=\"caption-attachment-1413\" style=\"width: 450px\" class=\"wp-caption alignnone\"><a href=\"http:\/\/blogg.kamphavet.se\/?attachment_id=1413\" rel=\"attachment wp-att-1413\"><img decoding=\"async\" loading=\"lazy\" class=\"size-full wp-image-1413\" title=\"Ann Britt s\u00e5r gr\u00f6nsaker\" src=\"http:\/\/media.blogg.kamphavet.se\/F0780Y.jpg\" alt=\"\" width=\"450\" height=\"489\" srcset=\"http:\/\/media.blogg.kamphavet.se\/F0780Y.jpg 450w, http:\/\/media.blogg.kamphavet.se\/F0780Y-276x300.jpg 276w, http:\/\/media.blogg.kamphavet.se\/F0780Y-441x480.jpg 441w\" sizes=\"(max-width: 450px) 100vw, 450px\" \/><\/a><figcaption id=\"caption-attachment-1413\" class=\"wp-caption-text\">Det nya gr\u00f6nsakslandet - \u00e4r det inte prydligt?<\/figcaption><\/figure>\n<p>Eftermiddagen gick \u00e5t f\u00f6r att s\u00e5 gr\u00f6nsaker och plantera rosor och \u00e4ppeltr\u00e4d. Vid 4-tiden tittade vi upp och undrade &#8221;var \u00e4r Zalsa? Hon var ju h\u00e4r alldeles nyss!&#8221; Nix &#8211; s\u00f6kte igenom huset, alla bodar och tomten &#8211; ingen Zalsa. Till saken h\u00f6r att hon vimsat iv\u00e4g f\u00f6rr, en g\u00e5ng till Klippan, n\u00e4stgrannen \u00e5t norr, en g\u00e5ng till grannen \u00e5t s\u00f6der. Stackars Zalsa \u00e4r ju numera helt blind och verkar inte riktigt ha alla h\u00e4star hemma &#8211; st\u00f6ter hon p\u00e5 ett hinder girar hon inte litet grand, utan minst 90 grader och \u00f6kar dessutom farten. Snart ins\u00e5g vi att hon var f\u00f6rsvunnen och drog ig\u00e5ng en Search and Rescue-operation. Grannarna engagerades, vi ringde polisen och fr\u00e5gade om n\u00e5gon anm\u00e4lt en vimsig hund i R\u00f6 och sprang runt i allt vidare cirklar och letade.<\/p>\n<p>Efter en timme hade vi inte hittat henne och kom \u00f6verens att Nina skulle k\u00f6ra mot Rimbo och leta, vi tog bilen till V\u00e4sby och tillbaka mot kyrkan. Mitt f\u00f6r H\u00e4rsby p\u00e5 gamla E18 fick vi se n\u00e5gon l\u00e5ngt ute p\u00e5 g\u00e4rdet vid Kamphavet som bar p\u00e5 n\u00e5got vitt &#8211; tv\u00e4rnitade och rusade ut p\u00e5 g\u00e4rdet, d\u00e4r det visade sig att det var Nina som inte \u00e5kt direkt mot Rimbo utan samma v\u00e4g som vi och f\u00e5tt syn p\u00e5 Zalsa l\u00e5ngt ute p\u00e5 g\u00e4rdet. Nina sprang efter henne (Nina \u00e4r i sj\u00e4tte m\u00e5naden och kanske inte j\u00e4ttebra p\u00e5 terr\u00e4ngl\u00f6pning just nu) och hann upp Zalsa vid Kamphavet.<\/p>\n<p>Zalsa hade lyckats ta sig \u00f6ver \u00a0ett brett dike och kom simmande (!) n\u00e4r hon h\u00f6rde Nina ropa och snart hade vi en bl\u00f6t och frusen hund och en lika bl\u00f6t och frusen Nina med oss hem. Avbl\u00e5ste r\u00e4ddningsoperationen, tv\u00e4ttade och torkade Zalsa och b\u00e4ddade ned henne i mattes och husses s\u00e4ng. Puh &#8211; det g\u00e5r inte att ha Zalsa med sig n\u00e4r man jobbar med n\u00e5got i tr\u00e4dg\u00e5rden. Fokuserar man tv\u00e5 minuter p\u00e5 jobbet s\u00e5 kan man ge sig 17 p\u00e5 att Zalsa vandrat iv\u00e4g. Det blir andra rutiner i forts\u00e4ttningen.<\/p>\n<figure id=\"attachment_1412\" aria-describedby=\"caption-attachment-1412\" style=\"width: 450px\" class=\"wp-caption alignnone\"><a href=\"http:\/\/blogg.kamphavet.se\/?attachment_id=1412\" rel=\"attachment wp-att-1412\"><img decoding=\"async\" loading=\"lazy\" class=\"size-full wp-image-1412 \" title=\"Zalsa hemma efter dagens \u00e4ventyr\" src=\"http:\/\/media.blogg.kamphavet.se\/F0787Y.jpg\" alt=\"\" width=\"450\" height=\"582\" srcset=\"http:\/\/media.blogg.kamphavet.se\/F0787Y.jpg 450w, http:\/\/media.blogg.kamphavet.se\/F0787Y-231x299.jpg 231w, http:\/\/media.blogg.kamphavet.se\/F0787Y-371x480.jpg 371w\" sizes=\"(max-width: 450px) 100vw, 450px\" \/><\/a><figcaption id=\"caption-attachment-1412\" class=\"wp-caption-text\">Tv\u00e4ttad och torkad h\u00e4mtar Zalsa sig i husse &amp; mattes s\u00e4ng<\/figcaption><\/figure>\n<p>I stilla duggregn planterade vi f\u00e4rdigt rosor och \u00e4ppeltr\u00e4d &#8211; det senare p\u00e5 samma plats som det gamla \u00e4ppeltr\u00e4det som gick omkull f\u00f6rra \u00e5ret stod. Efter kaffe och namnsdagskaka med Nina Linnea och Urban fick vi sitta ned en stund &#8211; den h\u00e4r dagen k\u00e4nns i kroppen; 13, 5\u00a0kilometer s\u00e4ger stegr\u00e4knaren, tio mil s\u00e4ger kroppen.<\/p>\n<figure id=\"attachment_1414\" aria-describedby=\"caption-attachment-1414\" style=\"width: 450px\" class=\"wp-caption alignnone\"><a href=\"http:\/\/blogg.kamphavet.se\/?attachment_id=1414\" rel=\"attachment wp-att-1414\"><img decoding=\"async\" loading=\"lazy\" class=\"size-full wp-image-1414\" title=\"\u00c4ppeltr\u00e4det har \u00e5teruppst\u00e5tt\" src=\"http:\/\/media.blogg.kamphavet.se\/F0783Y.jpg\" alt=\"\" width=\"450\" height=\"630\" srcset=\"http:\/\/media.blogg.kamphavet.se\/F0783Y.jpg 450w, http:\/\/media.blogg.kamphavet.se\/F0783Y-214x300.jpg 214w, http:\/\/media.blogg.kamphavet.se\/F0783Y-342x480.jpg 342w\" sizes=\"(max-width: 450px) 100vw, 450px\" \/><\/a><figcaption id=\"caption-attachment-1414\" class=\"wp-caption-text\">V\u00e5rt nya \u00e4ppeltr\u00e4d<\/figcaption><\/figure>\n","protected":false},"excerpt":{"rendered":"<p>\u00c4ntligen fick vi litet m\u00e4nskligt v\u00e4der &#8211; vi har haft vantar p\u00e5 oss n\u00e4r vi varit ute den sista tiden &#8211;\u00a0vantar\u00a0 i maj\u00a0 \u00e4r ju inte klokt! Dags att g\u00f6ra n\u00e5got \u00e5t v\u00e5r &#8221;tr\u00e4dg\u00e5rd&#8221;.<\/p>\n","protected":false},"author":1,"featured_media":0,"comment_status":"open","ping_status":"open","sticky":false,"template":"","format":"standard","meta":[],"categories":[6],"tags":[56,52,9,58,57,17],"_links":{"self":[{"href":"http:\/\/blogg.kamphavet.se\/index.php?rest_route=\/wp\/v2\/posts\/1405"}],"collection":[{"href":"http:\/\/blogg.kamphavet.se\/index.php?rest_route=\/wp\/v2\/posts"}],"about":[{"href":"http:\/\/blogg.kamphavet.se\/index.php?rest_route=\/wp\/v2\/types\/post"}],"author":[{"embeddable":true,"href":"http:\/\/blogg.kamphavet.se\/index.php?rest_route=\/wp\/v2\/users\/1"}],"replies":[{"embeddable":true,"href":"http:\/\/blogg.kamphavet.se\/index.php?rest_route=%2Fwp%2Fv2%2Fcomments&post=1405"}],"version-history":[{"count":20,"href":"http:\/\/blogg.kamphavet.se\/index.php?rest_route=\/wp\/v2\/posts\/1405\/revisions"}],"predecessor-version":[{"id":1996,"href":"http:\/\/blogg.kamphavet.se\/index.php?rest_route=\/wp\/v2\/posts\/1405\/revisions\/1996"}],"wp:attachment":[{"href":"http:\/\/blogg.kamphavet.se\/index.php?rest_route=%2Fwp%2Fv2%2Fmedia&parent=1405"}],"wp:term":[{"taxonomy":"category","embeddable":true,"href":"http:\/\/blogg.kamphavet.se\/index.php?rest_route=%2Fwp%2Fv2%2Fcategories&post=1405"},{"taxonomy":"post_tag","embeddable":true,"href":"http:\/\/blogg.kamphavet.se\/index.php?rest_route=%2Fwp%2Fv2%2Ftags&post=1405"}],"curies":[{"name":"wp","href":"https:\/\/api.w.org\/{rel}","templated":true}]}}