{"id":1395,"date":"2010-05-02T19:34:14","date_gmt":"2010-05-02T18:34:14","guid":{"rendered":"http:\/\/blogg.kamphavet.se\/?p=1395"},"modified":"2011-09-12T11:54:07","modified_gmt":"2011-09-12T10:54:07","slug":"fler-vartecken","status":"publish","type":"post","link":"http:\/\/blogg.kamphavet.se\/?p=1395","title":{"rendered":"Fler v\u00e5rtecken"},"content":{"rendered":"<p>I dag promenerade vi till Dammarna &#8211; upp fr\u00e5n V\u00e4stanbro p\u00e5 gamla K\u00e5rstav\u00e4gen, vidare till Sturev\u00e4gens v\u00e4ndplats, tillbaka p\u00e5 Sturev\u00e4gen och ned nya v\u00e4gen f\u00f6rbi Sunnanbro. <!--more--><\/p>\n<p>I skogen f\u00f6re v\u00e4ndplatsen har man avverkat och l\u00e4mnat\u00a0de sedvanliga sp\u00e5ren efter sig. Meterdjupa vattenfyllda \u00a0sp\u00e5r av larvf\u00f6tter, midjedjupt ris &#8211; ja, ja, vi vet &#8211; s\u00e5 m\u00e5ste man g\u00f6ra f\u00f6r att f\u00e5 ekonomi i skogssk\u00f6tseln &#8211; men avskyv\u00e4rt fult blir det. S\u00e5ren i skogen \u00e4r s\u00e5 djupa att det nog beh\u00f6vs en ny istid f\u00f6r att utpl\u00e5na dem &#8211; eller i alla fall femhundra \u00e5r. Hur sv\u00e5rt kan det vara att k\u00f6ra bredvid befintliga stigar med monstermaskinerna som \u00e4nd\u00e5 kan k\u00f6ra var som helst?<\/p>\n<p>N\u00e5v\u00e4l, vi f\u00e5r v\u00e4l b\u00f6rja trampa upp en ny stig bredvid den gamla &#8211; \u00e4lgarna hj\u00e4lper s\u00e4ker till, en av dem hade s\u00e5n\u00e4r fastnat i gyttjedikena efter skogsmaskinen &#8211; 4 dm djupa avtryck av \u00e4lgkl\u00f6var; och s\u00e5 \u00e4r man orolig f\u00f6r r\u00e5djuren n\u00e4r sn\u00f6n \u00e4r djup.<\/p>\n<p>Nu vimlar skogen av l\u00f6vs\u00e5ngare &#8211; Sveriges vanligaste f\u00e5gel vid sidan av bofinken. L\u00f6vs\u00e5ngaren \u00e4r en rolig krabat, den taggar upp sig undan f\u00f6r undan i s\u00e5ngen, men s\u00e5 verkar den h\u00f6ra sig sj\u00e4lv och slutar tv\u00e4rt med ett par ljud som l\u00e5ter som &#8221;jamen oj, vad \u00e4r det jag s\u00e4ger? F\u00f6rl\u00e5t!&#8221; En (1) g\u00e5ng har jag sett en f\u00e5gel som sannolikt var en l\u00f6vs\u00e5ngare &#8211; annars \u00e4r den ett uteslutande akustiskt fenomen. En tr\u00e4dpipl\u00e4rka s\u00e5g vi ocks\u00e5 i dag &#8211; den kastar sig ut fr\u00e5n sin sittplats och stiger jublande upp\u00e5t, f\u00f6r att sedan frysa med stela vingar och falla som ett l\u00f6v till marken med ett entonigt kvittrande.<\/p>\n<p>V\u00e4l hemma tog vi tag i altanen igen &#8211; bort med skyddsmattan vid r\u00e4cket, upp med hammock, bord och stolar; h\u00e4mta dynor och andra textilier. Hundarna har f\u00e5tt nya kuddar att ligga p\u00e5. Ann Britt planterade blommor och rensade i kryddlandet. Till sist kunde vi avnjuta s\u00e4songens f\u00f6rsta Sangria p\u00e5 altanen.\u00a0 (Lime i st\u00e4llet f\u00f6r citron \u00e4r ingen tokig id\u00e9 &#8211; men det \u00e4r f\u00f6rst\u00e5s Bj\u00f6rns kanelessens som g\u00f6r susen)<\/p>\n<p>\u00c4ntligen \u00e4r sydsidan av huset f\u00e4rdig och snart skall vi ta oss an v\u00e4stsidan. Tyv\u00e4rr \u00e4r det gott om mis\u00e4rer d\u00e4r &#8211; ruttna br\u00e4dor i tak\u00f6verh\u00e4nget, vindskivorna \u00e4r slut, balkongr\u00e4cket svajar n\u00e4r man petar p\u00e5 det och f\u00f6nstren skall vi inte tala om. Det blir mycket snickrande i \u00e5r.<\/p>\n<figure id=\"attachment_1399\" aria-describedby=\"caption-attachment-1399\" style=\"width: 450px\" class=\"wp-caption alignnone\"><a href=\"http:\/\/blogg.kamphavet.se\/?attachment_id=1399\" rel=\"attachment wp-att-1399\"><img decoding=\"async\" loading=\"lazy\" class=\"size-full wp-image-1399 \" title=\"Sommarm\u00f6blerad altan\" src=\"http:\/\/media.blogg.kamphavet.se\/F0758Y.jpg\" alt=\"\" width=\"450\" height=\"338\" srcset=\"http:\/\/media.blogg.kamphavet.se\/F0758Y.jpg 450w, http:\/\/media.blogg.kamphavet.se\/F0758Y-300x225.jpg 300w\" sizes=\"(max-width: 450px) 100vw, 450px\" \/><\/a><figcaption id=\"caption-attachment-1399\" class=\"wp-caption-text\">Allt \u00e4r p\u00e5 plats, och Zalsa har hittat sin nya kudde<\/figcaption><\/figure>\n","protected":false},"excerpt":{"rendered":"<p>I dag promenerade vi till Dammarna &#8211; upp fr\u00e5n V\u00e4stanbro p\u00e5 gamla K\u00e5rstav\u00e4gen, vidare till Sturev\u00e4gens v\u00e4ndplats, tillbaka p\u00e5 Sturev\u00e4gen och ned nya v\u00e4gen f\u00f6rbi Sunnanbro.<\/p>\n","protected":false},"author":1,"featured_media":0,"comment_status":"open","ping_status":"open","sticky":false,"template":"","format":"standard","meta":[],"categories":[6],"tags":[59,60,26],"_links":{"self":[{"href":"http:\/\/blogg.kamphavet.se\/index.php?rest_route=\/wp\/v2\/posts\/1395"}],"collection":[{"href":"http:\/\/blogg.kamphavet.se\/index.php?rest_route=\/wp\/v2\/posts"}],"about":[{"href":"http:\/\/blogg.kamphavet.se\/index.php?rest_route=\/wp\/v2\/types\/post"}],"author":[{"embeddable":true,"href":"http:\/\/blogg.kamphavet.se\/index.php?rest_route=\/wp\/v2\/users\/1"}],"replies":[{"embeddable":true,"href":"http:\/\/blogg.kamphavet.se\/index.php?rest_route=%2Fwp%2Fv2%2Fcomments&post=1395"}],"version-history":[{"count":10,"href":"http:\/\/blogg.kamphavet.se\/index.php?rest_route=\/wp\/v2\/posts\/1395\/revisions"}],"predecessor-version":[{"id":1998,"href":"http:\/\/blogg.kamphavet.se\/index.php?rest_route=\/wp\/v2\/posts\/1395\/revisions\/1998"}],"wp:attachment":[{"href":"http:\/\/blogg.kamphavet.se\/index.php?rest_route=%2Fwp%2Fv2%2Fmedia&parent=1395"}],"wp:term":[{"taxonomy":"category","embeddable":true,"href":"http:\/\/blogg.kamphavet.se\/index.php?rest_route=%2Fwp%2Fv2%2Fcategories&post=1395"},{"taxonomy":"post_tag","embeddable":true,"href":"http:\/\/blogg.kamphavet.se\/index.php?rest_route=%2Fwp%2Fv2%2Ftags&post=1395"}],"curies":[{"name":"wp","href":"https:\/\/api.w.org\/{rel}","templated":true}]}}